{"id":210,"date":"2022-08-02T14:52:36","date_gmt":"2022-08-02T11:52:36","guid":{"rendered":"https:\/\/sosyologmerve.com\/?p=210"},"modified":"2022-08-02T14:54:39","modified_gmt":"2022-08-02T11:54:39","slug":"istenmeyen-bebekler-icin-bebek-kutulari","status":"publish","type":"post","link":"https:\/\/sosyologmerve.com\/index.php\/2022\/08\/02\/istenmeyen-bebekler-icin-bebek-kutulari\/","title":{"rendered":"\u0130stenmeyen Bebekler \u0130\u00e7in \u201cBEBEK KUTULARI\u201d"},"content":{"rendered":"\n<p>Uzun bir aradan sonra \u015fa\u015f\u0131rt\u0131c\u0131 bir konuyla ilgili kaleme al\u0131nan yaz\u0131yla buraday\u0131m. Bildi\u011fimiz \u00fczere bebek bir insan\u0131n en k\u00fc\u00e7\u00fck hali olan do\u011fum an\u0131ndan y\u00fcr\u00fcme d\u00f6nemine kadar olan zaman diliminde ald\u0131\u011f\u0131 isimdir. Yani asl\u0131nda bir insan\u0131n en saf, en masum, en \u00e7ok sevgiye ve bak\u0131ma muhta\u00e7 hali de diyebiliriz. Buraya kadar her \u015fey gayet normal. \u015eimdi de bebek kutusunun ne oldu\u011funa de\u011finmek istiyorum. \u00a0Bebek kutusu k\u0131saca; \u00e7ocu\u011funu gizli olarak d\u00fcnyaya getiren, gebeli\u011fini saklayan, t\u0131bbi yard\u0131ms\u0131z ve kontrols\u00fcz do\u011fum yapan kad\u0131nlar\u0131n \u00e7ocu\u011funu b\u0131rakmak istediklerinde ba\u015fvurduklar\u0131 yerdir.<\/p>\n\n\n\n<p>Bebek kutular\u0131na elimizdeki verilere bakt\u0131\u011f\u0131m\u0131zda ilk olarak 1709 y\u0131l\u0131nda Almanya Hamburg\u2019 da rastlanm\u0131\u015ft\u0131r. Tabi bir s\u00fcre sonra 1714 y\u0131l\u0131nda bu kutular kald\u0131r\u0131l\u0131yor. 2000 y\u0131l\u0131nda Almanya\u2019da bebek kutular\u0131 tekrar kutuluyor.\u00a0 Bu kutular genellikle hastanelerin d\u0131\u015f duvarlar\u0131na yerle\u015ftirilen \u201cBabyklappe\u201d ad\u0131 verilen sistemle \u00e7al\u0131\u015f\u0131r. Bu sistemde bebek, g\u00f6r\u00fcn\u00fc\u015f\u00fc t\u0131pk\u0131 bir f\u0131r\u0131n\u0131 and\u0131ran kapakl\u0131 bir b\u00f6lmeye yerle\u015ftiriliyor. Kutu kapat\u0131ld\u0131ktan bir s\u00fcre sonra i\u00e7indeki alarm \u00e7almaya ba\u015flayarak hastane personelini uyar\u0131yor ve bebek 2-3 dakika i\u00e7inde personel taraf\u0131ndan, b\u00f6lmenin hastane i\u00e7indeki taraf\u0131ndan al\u0131n\u0131yor. Kutunun i\u00e7inde bebe\u011fi b\u0131rakanlara hitaben yaz\u0131lm\u0131\u015f bir mektup da bulunuyor. Mektupta, bebe\u011fin bak\u0131m\u0131n\u0131n 8 hafta boyunca devlet taraf\u0131ndan yap\u0131laca\u011f\u0131 ve ebeveynleri 2 ay i\u00e7inde ortaya \u00e7\u0131kmazsa, evlatl\u0131k verilece\u011fi hat\u0131rlat\u0131l\u0131yor.<\/p>\n\n\n\n<p>Bu uygulama g\u00fcn\u00fcm\u00fczde de yayg\u0131nla\u015fmaya h\u0131zla devam ediyor. BM \u00c7ocuk Haklar\u0131 Komitesi, bebek kutular\u0131n\u0131n Avrupa\u2019da bir\u00e7ok \u00fclkede kullan\u0131ld\u0131\u011f\u0131n\u0131, fakat 99 kutuyla en y\u00fcksek rakam\u0131n Almanya&#8217;da oldu\u011funu a\u00e7\u0131klad\u0131. Almanya\u2019y\u0131, 45 kutuyla Polonya takip ediyor. \u00c7ek Cumhuriyeti, Vatikan, \u0130svi\u00e7re gibi \u00fclkelerin yan\u0131 s\u0131ra, Kanada ve Malezya\u2019da da bebek kutular\u0131 bulunuyor.<\/p>\n\n\n\n<p>Peki siz bu kutular hakk\u0131nda ne d\u00fc\u015f\u00fcn\u00fcyorsunuz?<\/p>\n\n\n\n<blockquote class=\"wp-block-quote is-layout-flow wp-block-quote-is-layout-flow\"><p>K<strong>aynak\u00e7a<\/strong><\/p><cite><br>https:\/\/www.hurriyet.com.tr\/gundem\/almanyada-bebek-kutularinin-sayisi-artiyor-25334254                                                       https:\/\/haberrus.ru\/life\/2011\/11\/10\/rusyada-istenmeyen-bebekler-icin-ozel-kutular-kuruluyor.html                                                                                                                                      <\/cite><\/blockquote>\n\n\n\n<p><\/p>\n","protected":false},"excerpt":{"rendered":"<p>Uzun bir aradan sonra \u015fa\u015f\u0131rt\u0131c\u0131 bir konuyla ilgili kaleme al\u0131nan yaz\u0131yla buraday\u0131m. Bildi\u011fimiz \u00fczere bebek bir insan\u0131n en k\u00fc\u00e7\u00fck hali olan do\u011fum an\u0131ndan y\u00fcr\u00fcme d\u00f6nemine &hellip; <\/p>\n","protected":false},"author":1,"featured_media":211,"comment_status":"open","ping_status":"open","sticky":false,"template":"","format":"standard","meta":{"om_disable_all_campaigns":false,"_monsterinsights_skip_tracking":false,"_monsterinsights_sitenote_active":false,"_monsterinsights_sitenote_note":"","_monsterinsights_sitenote_category":0,"footnotes":""},"categories":[9],"tags":[],"class_list":["post-210","post","type-post","status-publish","format-standard","has-post-thumbnail","hentry","category-kendi-kalemimden"],"aioseo_notices":[],"views":168,"_links":{"self":[{"href":"https:\/\/sosyologmerve.com\/index.php\/wp-json\/wp\/v2\/posts\/210","targetHints":{"allow":["GET"]}}],"collection":[{"href":"https:\/\/sosyologmerve.com\/index.php\/wp-json\/wp\/v2\/posts"}],"about":[{"href":"https:\/\/sosyologmerve.com\/index.php\/wp-json\/wp\/v2\/types\/post"}],"author":[{"embeddable":true,"href":"https:\/\/sosyologmerve.com\/index.php\/wp-json\/wp\/v2\/users\/1"}],"replies":[{"embeddable":true,"href":"https:\/\/sosyologmerve.com\/index.php\/wp-json\/wp\/v2\/comments?post=210"}],"version-history":[{"count":4,"href":"https:\/\/sosyologmerve.com\/index.php\/wp-json\/wp\/v2\/posts\/210\/revisions"}],"predecessor-version":[{"id":215,"href":"https:\/\/sosyologmerve.com\/index.php\/wp-json\/wp\/v2\/posts\/210\/revisions\/215"}],"wp:featuredmedia":[{"embeddable":true,"href":"https:\/\/sosyologmerve.com\/index.php\/wp-json\/wp\/v2\/media\/211"}],"wp:attachment":[{"href":"https:\/\/sosyologmerve.com\/index.php\/wp-json\/wp\/v2\/media?parent=210"}],"wp:term":[{"taxonomy":"category","embeddable":true,"href":"https:\/\/sosyologmerve.com\/index.php\/wp-json\/wp\/v2\/categories?post=210"},{"taxonomy":"post_tag","embeddable":true,"href":"https:\/\/sosyologmerve.com\/index.php\/wp-json\/wp\/v2\/tags?post=210"}],"curies":[{"name":"wp","href":"https:\/\/api.w.org\/{rel}","templated":true}]}}