{"id":259,"date":"2025-06-06T06:00:00","date_gmt":"2025-06-06T03:00:00","guid":{"rendered":"https:\/\/sosyologmerve.com\/?p=259"},"modified":"2025-05-30T16:05:16","modified_gmt":"2025-05-30T13:05:16","slug":"aileden-mahalleye-topluluklar","status":"publish","type":"post","link":"https:\/\/sosyologmerve.com\/index.php\/2025\/06\/06\/aileden-mahalleye-topluluklar\/","title":{"rendered":"Aileden Mahalleye Topluluklar"},"content":{"rendered":"\n<p>Hepimiz bir toplumun i\u00e7inde do\u011far, b\u00fcy\u00fcr, ya\u015far\u0131z. Ama \u00e7o\u011fu zaman bu kelimenin ne kadar derin bir anlam ta\u015f\u0131d\u0131\u011f\u0131n\u0131 fark etmeyiz. Bu yaz\u0131da &#8220;toplum&#8221; kavram\u0131n\u0131 aileden mahalleye do\u011fru geni\u015fleterek anlamaya \u00e7al\u0131\u015faca\u011f\u0131z.<\/p>\n\n\n\n<h3 class=\"wp-block-heading\">1. <strong>Toplumun En K\u00fc\u00e7\u00fck Yap\u0131s\u0131: Aile<\/strong><\/h3>\n\n\n\n<p>Aile, sadece anne-baba ve \u00e7ocuklardan olu\u015fan bir birlik de\u011fil; ayn\u0131 zamanda <strong>de\u011ferlerin, rollerin ve davran\u0131\u015flar\u0131n ilk kez \u00f6\u011frenildi\u011fi<\/strong> sosyal bir ortamd\u0131r.<br>Bir \u00e7ocu\u011fun &#8220;ne do\u011fru, ne yanl\u0131\u015f&#8221;, &#8220;nas\u0131l konu\u015fulur&#8221;, &#8220;nas\u0131l giyinilir&#8221; gibi temel toplumsal normlarla tan\u0131\u015ft\u0131\u011f\u0131 yerdir aile.<\/p>\n\n\n\n<p>Ayn\u0131 zamanda <strong>duygu ba\u011flar\u0131n\u0131n<\/strong> en g\u00fc\u00e7l\u00fc oldu\u011fu ilk sosyal \u00e7evredir.<\/p>\n\n\n\n<h3 class=\"wp-block-heading\">2. <strong>Mahalle: Tan\u0131d\u0131kl\u0131k ve G\u00f6zetim Alan\u0131<\/strong><\/h3>\n\n\n\n<p>Aileden sonra i\u00e7inde bulundu\u011fumuz en yak\u0131n topluluk <strong>mahalledir<\/strong>.<\/p>\n\n\n\n<p>Mahalle, <strong>tan\u0131d\u0131kl\u0131k hissi<\/strong> verdi\u011fi i\u00e7in g\u00fcven duygusunun geli\u015fti\u011fi bir aland\u0131r. Ayn\u0131 bakkala gitmek, ayn\u0131 kom\u015fuyla selamla\u015fmak, \u00e7ocuklar\u0131n ayn\u0131 parkta oynamas\u0131\u2026 Bunlar hep bir <strong>ortak ya\u015fam k\u00fclt\u00fcr\u00fc<\/strong> olu\u015fturur.<\/p>\n\n\n\n<p>Ama ayn\u0131 zamanda mahalle, birey \u00fczerinde bir <strong>g\u00f6zetim ve beklenti<\/strong> alan\u0131 da yarat\u0131r.<br>Kimin ne yapt\u0131\u011f\u0131, ne giydi\u011fi, kimle g\u00f6r\u00fc\u015ft\u00fc\u011f\u00fc mahalle k\u00fclt\u00fcr\u00fcn\u00fcn ilgisini \u00e7eker.<\/p>\n\n\n\n<p>Bu durum hem <strong>ait hissetmeyi<\/strong> kolayla\u015ft\u0131r\u0131r hem de bazen <strong>bask\u0131 olu\u015fturabilir<\/strong>.<\/p>\n\n\n\n<h3 class=\"wp-block-heading\">3. <strong>Toplum: Geni\u015f ve Karma\u015f\u0131k Bir A\u011f<\/strong><\/h3>\n\n\n\n<p>Toplum; ayn\u0131 co\u011frafyada ya\u015fayan, ortak kurallara, kurumlara ve de\u011ferlere sahip <strong>bireyler toplulu\u011fudur<\/strong>.<br>Ama sadece birlikte ya\u015famak de\u011fil, ayn\u0131 zamanda <strong>birbirinden etkilenmek<\/strong>, <strong>normlara uymak<\/strong> ve ortak anlamlar \u00fcretmek toplumun temelidir.<\/p>\n\n\n\n<p>Toplum i\u00e7inde farkl\u0131 topluluklar da vard\u0131r:<\/p>\n\n\n\n<ul class=\"wp-block-list\"><li class=\"\">Aile<\/li><li class=\"\">Mahalle<\/li><li class=\"\">Okul<\/li><li class=\"\">\u0130\u015f yeri<\/li><li class=\"\">\u0130nan\u00e7 gruplar\u0131<\/li><li class=\"\">Dijital topluluklar (\u00f6rne\u011fin sosyal medya gruplar\u0131)<\/li><\/ul>\n\n\n\n<p>T\u00fcm bu yap\u0131lar, bireyin kim oldu\u011funu, nas\u0131l d\u00fc\u015f\u00fcnd\u00fc\u011f\u00fcn\u00fc ve nas\u0131l davrand\u0131\u011f\u0131n\u0131 etkiler.<br>Yani toplum; bireyin \u00e7evresini de\u011fil, <strong>kimli\u011fini \u015fekillendiren<\/strong> g\u00fc\u00e7l\u00fc bir yap\u0131d\u0131r.<\/p>\n\n\n\n<h3 class=\"wp-block-heading\"> Sonu\u00e7: Topluluklar Aras\u0131nda Birey Olmak<\/h3>\n\n\n\n<p>Toplum, bireyden b\u00fcy\u00fckt\u00fcr ama birey de toplumu \u015fekillendirir.<br>Ailede ba\u015flayan sosyalle\u015fme s\u00fcreci, mahallede peki\u015fir, okulda geni\u015fler ve yeti\u015fkinlikte daha b\u00fcy\u00fck toplumsal yap\u0131larla devam eder.<\/p>\n\n\n\n<p><strong>Kendimizi anlaman\u0131n yolu, i\u00e7inde ya\u015fad\u0131\u011f\u0131m\u0131z toplumu anlamaktan ge\u00e7er.<\/strong><\/p>\n","protected":false},"excerpt":{"rendered":"<p>Hepimiz bir toplumun i\u00e7inde do\u011far, b\u00fcy\u00fcr, ya\u015far\u0131z. Ama \u00e7o\u011fu zaman bu kelimenin ne kadar derin bir anlam ta\u015f\u0131d\u0131\u011f\u0131n\u0131 fark etmeyiz. Bu yaz\u0131da &#8220;toplum&#8221; kavram\u0131n\u0131 aileden &hellip; <\/p>\n","protected":false},"author":1,"featured_media":301,"comment_status":"open","ping_status":"open","sticky":false,"template":"","format":"standard","meta":{"om_disable_all_campaigns":false,"_monsterinsights_skip_tracking":false,"_monsterinsights_sitenote_active":false,"_monsterinsights_sitenote_note":"","_monsterinsights_sitenote_category":0,"footnotes":""},"categories":[7],"tags":[],"class_list":["post-259","post","type-post","status-publish","format-standard","has-post-thumbnail","hentry","category-sosyoloji"],"aioseo_notices":[],"views":22,"_links":{"self":[{"href":"https:\/\/sosyologmerve.com\/index.php\/wp-json\/wp\/v2\/posts\/259","targetHints":{"allow":["GET"]}}],"collection":[{"href":"https:\/\/sosyologmerve.com\/index.php\/wp-json\/wp\/v2\/posts"}],"about":[{"href":"https:\/\/sosyologmerve.com\/index.php\/wp-json\/wp\/v2\/types\/post"}],"author":[{"embeddable":true,"href":"https:\/\/sosyologmerve.com\/index.php\/wp-json\/wp\/v2\/users\/1"}],"replies":[{"embeddable":true,"href":"https:\/\/sosyologmerve.com\/index.php\/wp-json\/wp\/v2\/comments?post=259"}],"version-history":[{"count":2,"href":"https:\/\/sosyologmerve.com\/index.php\/wp-json\/wp\/v2\/posts\/259\/revisions"}],"predecessor-version":[{"id":261,"href":"https:\/\/sosyologmerve.com\/index.php\/wp-json\/wp\/v2\/posts\/259\/revisions\/261"}],"wp:featuredmedia":[{"embeddable":true,"href":"https:\/\/sosyologmerve.com\/index.php\/wp-json\/wp\/v2\/media\/301"}],"wp:attachment":[{"href":"https:\/\/sosyologmerve.com\/index.php\/wp-json\/wp\/v2\/media?parent=259"}],"wp:term":[{"taxonomy":"category","embeddable":true,"href":"https:\/\/sosyologmerve.com\/index.php\/wp-json\/wp\/v2\/categories?post=259"},{"taxonomy":"post_tag","embeddable":true,"href":"https:\/\/sosyologmerve.com\/index.php\/wp-json\/wp\/v2\/tags?post=259"}],"curies":[{"name":"wp","href":"https:\/\/api.w.org\/{rel}","templated":true}]}}